{"id":69257,"date":"2026-04-09T17:41:28","date_gmt":"2026-04-09T15:41:28","guid":{"rendered":"https:\/\/www.aural.es\/blog\/?p=69257"},"modified":"2026-04-09T17:41:39","modified_gmt":"2026-04-09T15:41:39","slug":"aural-lanza-los-audifonos-widex-allure-la-revolucion-del-sonido","status":"publish","type":"post","link":"https:\/\/www.aural.es\/blog\/aural-lanza-los-audifonos-widex-allure-la-revolucion-del-sonido","title":{"rendered":"Aural lanza los aud\u00edfonos Widex Allure: la revoluci\u00f3n del sonido"},"content":{"rendered":"<p>Aural Centros Auditivos ha anunciado el lanzamiento de <a href=\"https:\/\/www.widex.es\/widex-audifono-allure\" target=\"_blank\" rel=\"noopener\"><strong>Widex Allure<\/strong><\/a>, la nueva plataforma auditiva dise\u00f1ada para ofrecer la experiencia de sonido m\u00e1s natural y precisa. Con este lanzamiento, Aural reafirma su compromiso con el bienestar y la salud auditiva de las personas, apoyado en un legado de m\u00e1s de <strong>60 a\u00f1os<\/strong> de innovaci\u00f3n, cuidado experto y tecnolog\u00eda centrada en mejorar la vida de quienes experimentan p\u00e9rdida auditiva.<\/p>\n<p>Aural Centros Auditivos lanza Widex Allure con un prop\u00f3sito claro: <strong>poner la tecnolog\u00eda auditiva al servicio de las personas<\/strong>, facilitando una adaptaci\u00f3n m\u00e1s cercana, humana y personalizada, especialmente para quienes se inician en el uso de aud\u00edfonos o presentan <a href=\"https:\/\/www.aural.es\/perdida-auditiva\/hipoacusia\" target=\"_blank\" rel=\"noopener\">p\u00e9rdida leve a moderada<\/a>.<\/p>\n<p><img loading=\"lazy\" decoding=\"async\" class=\"aligncenter wp-image-69259 size-full\" src=\"https:\/\/www.aural.es\/blog\/wp-content\/uploads\/audifonos-widex-allure-centros-auditivos-aural.png\" alt=\"\" width=\"760\" height=\"515\" srcset=\"https:\/\/www.aural.es\/blog\/wp-content\/uploads\/audifonos-widex-allure-centros-auditivos-aural.png 760w, https:\/\/www.aural.es\/blog\/wp-content\/uploads\/audifonos-widex-allure-centros-auditivos-aural-300x203.png 300w\" sizes=\"(max-width: 760px) 100vw, 760px\" \/><\/p>\n<p>La relaci\u00f3n entre Aural Centros Auditivos y Widex se remonta a los or\u00edgenes de ambas compa\u00f1\u00edas, cuando <strong>Juan Mart\u00ednez Sanjos\u00e9<\/strong>, fundador de Aural, estableci\u00f3 una colaboraci\u00f3n pionera con <strong>Erik Westerman<\/strong>, cofundador de Widex. Ese v\u00ednculo, construido sobre una visi\u00f3n compartida\u2014ofrecer una audici\u00f3n m\u00e1s humana, natural y accesible\u2014ha guiado m\u00e1s de <strong>60 a\u00f1os de evoluci\u00f3n conjunta<\/strong> y sigue siendo la base de cada innovaci\u00f3n que ambas compa\u00f1\u00edas introducen en el mercado espa\u00f1ol.<\/p>\n<p>Este nuevo lanzamiento llega para continuar ese legado, aportando tecnolog\u00edas que buscan una adaptaci\u00f3n m\u00e1s sencilla, cercana y real, especialmente para personas que se inician en el uso de aud\u00edfonos o tienen p\u00e9rdida auditiva leve a moderada.<\/p>\n<h2><strong>Un sonido natural que acompa\u00f1a tu vida<\/strong><\/h2>\n<p>Los nuevos aud\u00edfonos <strong>Widex Allure<\/strong> integran un conjunto de soluciones avanzadas que proporcionan una experiencia auditiva equilibrada entre la nitidez de las conversaciones y la percepci\u00f3n natural del entorno. Todo ello gracias a tecnolog\u00edas exclusivas que reducen distorsiones, facilitan la adaptaci\u00f3n y garantizan un sonido limpio, claro y envolvente.<\/p>\n<h3><strong><img loading=\"lazy\" decoding=\"async\" class=\"aligncenter wp-image-69260 size-large\" src=\"https:\/\/www.aural.es\/blog\/wp-content\/uploads\/widex-allure-audifonos-1024x559.png\" alt=\"\" width=\"840\" height=\"459\" srcset=\"https:\/\/www.aural.es\/blog\/wp-content\/uploads\/widex-allure-audifonos-1024x559.png 1024w, https:\/\/www.aural.es\/blog\/wp-content\/uploads\/widex-allure-audifonos-300x164.png 300w, https:\/\/www.aural.es\/blog\/wp-content\/uploads\/widex-allure-audifonos-768x419.png 768w, https:\/\/www.aural.es\/blog\/wp-content\/uploads\/widex-allure-audifonos.png 1065w\" sizes=\"(max-width: 840px) 100vw, 840px\" \/><\/strong><\/h3>\n<h3><strong>Allure PureSound\u2122: claridad inmediata y sin distorsiones<\/strong><\/h3>\n<p>La tecnolog\u00eda <strong>PureSound\u2122<\/strong>, impulsada por <strong>ZeroDelay\u2122<\/strong>, elimina pr\u00e1cticamente cualquier sensaci\u00f3n \u201cmet\u00e1lica\u201d o artificial del sonido. El resultado son voces m\u00e1s n\u00edtidas y una experiencia auditiva cercana, inmersiva y muy natural desde el primer momento.<\/p>\n<h3><strong>Enfatizador del habla Pro: conversaciones cristalinas en cualquier entorno<\/strong><\/h3>\n<p>Para facilitar la comunicaci\u00f3n en ambientes sonoros cambiantes, los aud\u00edfonos Widex Allure emplean un sistema avanzado de gesti\u00f3n del ruido que aten\u00faa los sonidos no deseados manteni\u00e9ndolos por debajo del umbral de audici\u00f3n, a la vez que realza el habla para lograr conversaciones claras sin aislar al usuario de su entorno.<\/p>\n<h3><strong>Controlador de feedback din\u00e1mico: adi\u00f3s a los pitidos<\/strong><\/h3>\n<p>Widex presenta una evoluci\u00f3n en su sistema de cancelaci\u00f3n de feedback, adapt\u00e1ndose a la morfolog\u00eda \u00fanica de cada canal auditivo y reduciendo esos molestos pitidos o silbidos que pueden aparecer en el uso diario.<\/p>\n<h3><strong>Clasificador de sonido mejorado: adaptaci\u00f3n autom\u00e1tica al entorno<\/strong><\/h3>\n<p>El nuevo clasificador analiza con mayor precisi\u00f3n el ambiente sonoro y aplica ajustes autom\u00e1ticos para asegurar siempre la mejor experiencia, incluyendo un detector espec\u00edfico que reconoce el ritmo musical y procesa la se\u00f1al para ofrecer una m\u00fasica m\u00e1s viva, rica y envolvente.<\/p>\n<h3><strong>Experiencia de streaming optimizada<\/strong><\/h3>\n<p>Un compresor dedicado garantiza una transmisi\u00f3n fluida de m\u00fasica, llamadas o podcasts, sin cambios bruscos de volumen ni interferencias del ruido ambiental.<\/p>\n<h3><strong>Conectividad de nueva generaci\u00f3n y control intuitivo<\/strong><\/h3>\n<p>Con este lanzamiento Aural Centros Auditivos incorpora a su portfolio conectividad directa con dispositivos iOS (MFi) y Android (ASHA), y a\u00f1ade compatibilidad con <strong>Bluetooth\u00ae LE Audio<\/strong>, preparado para la pr\u00f3xima generaci\u00f3n de smartphones y dispositivos inteligentes. Tambi\u00e9n integra funci\u00f3n de manos libres para dispositivos iOS compatibles y bobina telef\u00f3nica para espacios p\u00fablicos con bucle magn\u00e9tico.<\/p>\n<h3><strong>Inteligencia artificial al servicio del bienestar auditivo<\/strong><\/h3>\n<p>La nueva app asociada al lanzamiento introduce asistentes basados en IA (<strong>AI Quick Assistant<\/strong> y <strong>AI Sound Assistant<\/strong>) que recomiendan ajustes personalizados seg\u00fan la situaci\u00f3n, como \u201cm\u00e1s claridad\u201d en un restaurante, y permiten guardarlos como programas personales.<\/p>\n<p>Adem\u00e1s, desde la app es posible:<\/p>\n<ul>\n<li>Cambiar de programa y volumen<\/li>\n<li>Ajustar ecualizador y enfoque direccional<\/li>\n<li>Localizar los aud\u00edfonos con \u201cEncontrar mis aud\u00edfonos\u201d<\/li>\n<li>Acceder a controles b\u00e1sicos desde Apple Watch<\/li>\n<\/ul>\n<h2><strong>Un lanzamiento que refuerza un legado compartido<\/strong><\/h2>\n<p>Con Widex Allure, Aural Centros Auditivos profundiza una alianza hist\u00f3rica que ha marcado la evoluci\u00f3n del sector auditivo en Espa\u00f1a. La visi\u00f3n compartida entre Juan Mart\u00ednez Sanjos\u00e9 y Erik Westerman\u2014mejorar la vida de las personas a trav\u00e9s de un sonido m\u00e1s aut\u00e9ntico y humanizado\u2014permanece viva en este lanzamiento y en la forma en que Aural acompa\u00f1a hoy a sus usuarios: con innovaci\u00f3n, especializaci\u00f3n y una vocaci\u00f3n de bienestar construida durante m\u00e1s de seis d\u00e9cadas.<\/p>\n","protected":false},"excerpt":{"rendered":"<p>Aural Centros Auditivos ha anunciado el lanzamiento de Widex Allure, la nueva plataforma auditiva dise\u00f1ada para ofrecer la experiencia de [&hellip;]<\/p>\n","protected":false},"author":3,"featured_media":69258,"comment_status":"open","ping_status":"open","sticky":false,"template":"","format":"standard","meta":{"footnotes":""},"categories":[73],"tags":[],"_links":{"self":[{"href":"https:\/\/www.aural.es\/blog\/wp-json\/wp\/v2\/posts\/69257"}],"collection":[{"href":"https:\/\/www.aural.es\/blog\/wp-json\/wp\/v2\/posts"}],"about":[{"href":"https:\/\/www.aural.es\/blog\/wp-json\/wp\/v2\/types\/post"}],"author":[{"embeddable":true,"href":"https:\/\/www.aural.es\/blog\/wp-json\/wp\/v2\/users\/3"}],"replies":[{"embeddable":true,"href":"https:\/\/www.aural.es\/blog\/wp-json\/wp\/v2\/comments?post=69257"}],"version-history":[{"count":1,"href":"https:\/\/www.aural.es\/blog\/wp-json\/wp\/v2\/posts\/69257\/revisions"}],"predecessor-version":[{"id":69261,"href":"https:\/\/www.aural.es\/blog\/wp-json\/wp\/v2\/posts\/69257\/revisions\/69261"}],"wp:featuredmedia":[{"embeddable":true,"href":"https:\/\/www.aural.es\/blog\/wp-json\/wp\/v2\/media\/69258"}],"wp:attachment":[{"href":"https:\/\/www.aural.es\/blog\/wp-json\/wp\/v2\/media?parent=69257"}],"wp:term":[{"taxonomy":"category","embeddable":true,"href":"https:\/\/www.aural.es\/blog\/wp-json\/wp\/v2\/categories?post=69257"},{"taxonomy":"post_tag","embeddable":true,"href":"https:\/\/www.aural.es\/blog\/wp-json\/wp\/v2\/tags?post=69257"}],"curies":[{"name":"wp","href":"https:\/\/api.w.org\/{rel}","templated":true}]}}